{"id":19641,"date":"2025-06-19T09:18:00","date_gmt":"2025-06-19T14:18:00","guid":{"rendered":"https:\/\/arabnewswire.com\/press-release-distribution-in-qatar-navigating-cultural-nuances-and-media-dynamics\/"},"modified":"2025-07-01T11:23:10","modified_gmt":"2025-07-01T16:23:10","slug":"katarda-basin-bulteni-dagitimi-kulturel-incelikler-ve-medya-dinamiklerinde-yol-almak","status":"publish","type":"post","link":"https:\/\/arabnewswire.com\/tr\/katarda-basin-bulteni-dagitimi-kulturel-incelikler-ve-medya-dinamiklerinde-yol-almak\/","title":{"rendered":"Katar\u2019da Bas\u0131n B\u00fclteni Da\u011f\u0131t\u0131m\u0131: K\u00fclt\u00fcrel \u0130ncelikler ve Medya Dinamiklerinde Yol Almak"},"content":{"rendered":"<p><strong>Giri\u015f<\/strong><\/p>\n<p>Katar\u2019\u0131n geni\u015f do\u011fal gaz rezervleri ve stratejik yat\u0131r\u0131mlarla desteklenen h\u0131zl\u0131 ekonomik geli\u015fimi, \u00fclkeyi k\u00fcresel sahnede \u00f6nemli bir oyuncu haline getirmi\u015ftir. \u00dclke ekonomisini \u00e7e\u015fitlendirirken turizm, finans ve teknoloji gibi sekt\u00f6rleri te\u015fvik etmektedir; bu s\u00fcre\u00e7te etkili ileti\u015fim b\u00fcy\u00fck \u00f6nem ta\u015f\u0131maktad\u0131r. Bas\u0131n b\u00fclteni da\u011f\u0131t\u0131m\u0131, i\u015fletmelerin ve organizasyonlar\u0131n bilgiyi yaymalar\u0131, payda\u015flarla etkile\u015fimde bulunmalar\u0131 ve marka bilinirli\u011fi olu\u015fturmalar\u0131 i\u00e7in hayati bir ara\u00e7 olarak \u00f6ne \u00e7\u0131kmaktad\u0131r.<\/p>\n<p><strong>Katar\u2019\u0131n Ekonomik Yap\u0131s\u0131n\u0131 Anlamak<\/strong><\/p>\n<p>Katar ekonomisi son birka\u00e7 on y\u0131lda \u00f6nemli b\u00fcy\u00fcme g\u00f6stermi\u015ftir. Hidrokarbon sekt\u00f6r\u00fc hala ekonominin temel ta\u015f\u0131 olsa da, h\u00fck\u00fcmet ekonomiyi \u00e7e\u015fitlendirmek amac\u0131yla bir\u00e7ok program ba\u015flatm\u0131\u015ft\u0131r:<\/p>\n<ul>\n<li><strong>Ulusal Vizyon 2030<\/strong>: Katar\u2019\u0131 geli\u015fimini s\u00fcrd\u00fcrebilen, ileri bir toplum haline d\u00f6n\u00fc\u015ft\u00fcrmeyi ve y\u00fcksek ya\u015fam standartlar\u0131 sa\u011flamay\u0131 hedefler.<\/li>\n<li><strong>Altyap\u0131 Geli\u015fimi<\/strong>: Hamad Uluslararas\u0131 Havaliman\u0131 ve Doha Metrosu gibi altyap\u0131ya yap\u0131lan \u00f6nemli yat\u0131r\u0131mlar ekonomik faaliyetleri kolayla\u015ft\u0131rmaktad\u0131r.<\/li>\n<li><strong>Turizm ve Spor<\/strong>: FIFA 2022 D\u00fcnya Kupas\u0131 gibi k\u00fcresel etkinliklerin d\u00fczenlenmesi turizmi ve ilgili sekt\u00f6rleri canland\u0131rm\u0131\u015ft\u0131r.<\/li>\n<\/ul>\n<p>Bu dinamik ortamda i\u015fletmeler, giri\u015fimlerini, ba\u015far\u0131lar\u0131n\u0131 ve sunduklar\u0131n\u0131 payda\u015flara etkin \u015fekilde iletmek zorundad\u0131r; bu nedenle bas\u0131n b\u00fclteni da\u011f\u0131t\u0131m\u0131 ileti\u015fim stratejisinin temel bir bile\u015feni haline gelmektedir.<\/p>\n<p><strong>Bas\u0131n B\u00fclteni Da\u011f\u0131t\u0131m\u0131nda K\u00fclt\u00fcrel Hususlar<\/strong><\/p>\n<p>Katar\u2019da bas\u0131n b\u00fclteni haz\u0131rlarken ve da\u011f\u0131t\u0131rken \u00fclkenin k\u00fclt\u00fcrel ve toplumsal normlar\u0131n\u0131 g\u00f6z \u00f6n\u00fcnde bulundurmak \u00e7ok \u00f6nemlidir:<\/p>\n<ul>\n<li><strong>Dil<\/strong>: Arap\u00e7a resmi dil olup, i\u015f d\u00fcnyas\u0131nda yayg\u0131n olarak \u0130ngilizce kullan\u0131lmaktad\u0131r; her iki dilde bas\u0131n b\u00fcltenleri sunmak daha geni\u015f eri\u015fim sa\u011flar.<\/li>\n<li><strong>Geleneklere Sayg\u0131<\/strong>: \u0130\u00e7erik, \u0130slami de\u011ferler ve Katar geleneklerine sayg\u0131l\u0131 olmal\u0131d\u0131r. Tart\u0131\u015fmal\u0131 konulardan ka\u00e7\u0131n\u0131lmal\u0131 ve k\u00fclt\u00fcrel hassasiyetlere dikkat edilmelidir.<\/li>\n<li><strong>H\u00fck\u00fcmetle \u0130li\u015fkiler<\/strong>: H\u00fck\u00fcmetin \u00e7e\u015fitli sekt\u00f6rlerdeki \u00f6nemli rol\u00fc nedeniyle bas\u0131n b\u00fcltenlerinin ulusal hedeflerle uyumlu olmas\u0131 ve yetkililere sayg\u0131l\u0131 bir \u00fcslup kullan\u0131lmas\u0131 tavsiye edilir.<\/li>\n<li><strong>Medya Ortam\u0131<\/strong>: Medya kurulu\u015flar\u0131n\u0131n \u00e7o\u011fu devlet kontrol\u00fcnde veya h\u00fck\u00fcmetle yak\u0131n ili\u015fkilidir. Her yay\u0131n organ\u0131n\u0131n editoryal duru\u015funu ve tercihlerini anlamak da\u011f\u0131t\u0131m etkinli\u011fini art\u0131r\u0131r.<\/li>\n<\/ul>\n<p>&nbsp;<\/p>\n<p><strong>Katar \u0130\u015f Ortam\u0131nda Bas\u0131n B\u00fcltenlerinin Rol\u00fc<\/strong><\/p>\n<p>Bas\u0131n b\u00fcltenleri Katar i\u015f d\u00fcnyas\u0131nda \u00e7e\u015fitli ama\u00e7lara hizmet eder:<\/p>\n<ul>\n<li><strong>Yeni Giri\u015fimleri Duyurmak<\/strong>: \u015eirketler yeni projeler, ortakl\u0131klar veya \u00fcr\u00fcn lansmanlar\u0131 hakk\u0131nda kamuoyunu bilgilendirir.<\/li>\n<li><strong>Kriz Y\u00f6netimi<\/strong>: Kriz anlar\u0131nda zaman\u0131nda yap\u0131lan bas\u0131n b\u00fclteni payla\u015f\u0131mlar\u0131 kamu alg\u0131s\u0131n\u0131 y\u00f6netir ve do\u011fru bilgi sa\u011flar.<\/li>\n<li><strong>Payda\u015f Kat\u0131l\u0131m\u0131<\/strong>: D\u00fczenli g\u00fcncellemeler, yat\u0131r\u0131mc\u0131lar, m\u00fc\u015fteriler ve ortaklar\u0131n bilgi sahibi olmas\u0131n\u0131 ve ba\u011fl\u0131l\u0131\u011f\u0131n\u0131 sa\u011flar.<\/li>\n<li><strong>Marka \u0130n\u015fas\u0131<\/strong>: Tutarl\u0131 ileti\u015fim, marka kimli\u011fi ve de\u011ferlerinin olu\u015fturulmas\u0131na ve peki\u015ftirilmesine yard\u0131mc\u0131 olur.<\/li>\n<\/ul>\n<p>&nbsp;<\/p>\n<p><strong>Katar\u2019daki \u00d6nde Gelen Medya Kurulu\u015flar\u0131 ve Eri\u015fimleri<\/strong><\/p>\n<p>Bas\u0131n b\u00fclteni etkinli\u011fini en \u00fcst d\u00fczeye \u00e7\u0131karmak i\u00e7in, \u00f6nemli eri\u015fime sahip medya kurulu\u015flar\u0131 hedeflenmelidir. A\u015fa\u011f\u0131daki tabloda Katar\u2019\u0131n \u00f6nde gelen medya platformlar\u0131ndan baz\u0131lar\u0131 ve tahmini ayl\u0131k kullan\u0131c\u0131 say\u0131lar\u0131 yer almaktad\u0131r:<\/p>\n<table>\n<thead>\n<tr>\n<td><strong>Medya Kurulu\u015fu<\/strong><\/td>\n<td><strong>Dil<\/strong><\/td>\n<td><strong>A\u00e7\u0131klama<\/strong><\/td>\n<td><strong>Tahmini Ayl\u0131k Kullan\u0131c\u0131<\/strong><\/td>\n<\/tr>\n<\/thead>\n<tbody>\n<tr>\n<td><a href=\"https:\/\/thepeninsulaqatar.com\/\"><strong>The Peninsula<\/strong><\/a><\/td>\n<td>\u0130ngilizce<\/td>\n<td>G\u00fc\u00e7l\u00fc dijital varl\u0131\u011f\u0131 olan \u00f6nde gelen \u0130ngilizce gazete.<\/td>\n<td>5 milyon<\/td>\n<\/tr>\n<tr>\n<td><strong>Al Jazeera<\/strong><\/td>\n<td>Arap\u00e7a\/\u0130ngilizce<\/td>\n<td>Doha merkezli uluslararas\u0131 haber a\u011f\u0131.<\/td>\n<td>&#8211;<\/td>\n<\/tr>\n<tr>\n<td><strong>Gulf Times<\/strong><\/td>\n<td>\u0130ngilizce<\/td>\n<td>Katar\u2019\u0131n en eski \u0130ngilizce gazetelerinden biri.<\/td>\n<td>&#8211;<\/td>\n<\/tr>\n<tr>\n<td><strong>Al Raya<\/strong><\/td>\n<td>Arap\u00e7a<\/td>\n<td>Doha\u2019da yay\u0131mlanan g\u00fcnl\u00fck Arap\u00e7a gazete.<\/td>\n<td>30,000 (bask\u0131 tiraj\u0131)<\/td>\n<\/tr>\n<tr>\n<td><strong>Al Watan<\/strong><\/td>\n<td>Arap\u00e7a<\/td>\n<td>G\u00fcnl\u00fck siyasi Arap\u00e7a gazete.<\/td>\n<td>15,000 (bask\u0131 tiraj\u0131)<\/td>\n<\/tr>\n<tr>\n<td><strong>Al Sharq<\/strong><\/td>\n<td>Arap\u00e7a<\/td>\n<td>Yerel ve uluslararas\u0131 haberleri sunan kapsaml\u0131 Katar haber sitesi.<\/td>\n<td>&#8211;<\/td>\n<\/tr>\n<tr>\n<td><strong>Qatar Tribune<\/strong><\/td>\n<td>\u0130ngilizce<\/td>\n<td>\u00c7e\u015fitli konular\u0131 kapsayan \u0130ngilizce gazete.<\/td>\n<td>&#8211;<\/td>\n<\/tr>\n<tr>\n<td><strong>Doha News<\/strong><\/td>\n<td>\u0130ngilizce<\/td>\n<td>Yerel ve b\u00f6lgesel haberleri kapsayan \u00e7evrimi\u00e7i haber sitesi.<\/td>\n<td>&#8211;<\/td>\n<\/tr>\n<tr>\n<td><strong>ILoveQatar.net<\/strong><\/td>\n<td>\u0130ngilizce<\/td>\n<td>Yerel halk ile expat toplulu\u011fu aras\u0131nda k\u00fclt\u00fcrel k\u00f6pr\u00fc kuran topluluk platformu.<\/td>\n<td>&#8211;<\/td>\n<\/tr>\n<tr>\n<td><strong>Al Araby TV<\/strong><\/td>\n<td>Arap\u00e7a<\/td>\n<td>Katar merkezli Pan-Arap televizyon kanal\u0131.<\/td>\n<td>&#8211;<\/td>\n<\/tr>\n<tr>\n<td><strong>Jeem TV<\/strong><\/td>\n<td>Arap\u00e7a<\/td>\n<td>Al Jazeera Medya A\u011f\u0131\u2019na ait \u00e7ocuk kanal\u0131.<\/td>\n<td>&#8211;<\/td>\n<\/tr>\n<tr>\n<td><strong>Radio Olive 106.3<\/strong><\/td>\n<td>Hint\u00e7e<\/td>\n<td>Hindistan diasporas\u0131na y\u00f6nelik FM istasyonu.<\/td>\n<td>&#8211;<\/td>\n<\/tr>\n<tr>\n<td><strong>Qatar TV<\/strong><\/td>\n<td>Arap\u00e7a<\/td>\n<td>Devlet televizyon kanal\u0131, \u00e7e\u015fitli programlar yay\u0131nlar.<\/td>\n<td>&#8211;<\/td>\n<\/tr>\n<tr>\n<td><strong>Al Jazeera Mubasher<\/strong><\/td>\n<td>Arap\u00e7a<\/td>\n<td>Canl\u0131 haber ve etkinlik yay\u0131n\u0131 yapan kanal.<\/td>\n<td>&#8211;<\/td>\n<\/tr>\n<tr>\n<td><a href=\"https:\/\/www.al-hadath.com\/\"><strong>Al Hadath<\/strong><\/a><\/td>\n<td>Arap\u00e7a<\/td>\n<td>B\u00f6lgesel ve uluslararas\u0131 haber odakl\u0131 haber kanal\u0131.<\/td>\n<td>&#8211;<\/td>\n<\/tr>\n<\/tbody>\n<\/table>\n<p><em>Not: Tahmini ayl\u0131k kullan\u0131c\u0131 say\u0131lar\u0131 mevcut verilere dayanmakta olup zamanla de\u011fi\u015febilir. En g\u00fcncel bilgiler i\u00e7in ilgili medya kurulu\u015flar\u0131yla ileti\u015fime ge\u00e7ilmesi \u00f6nerilir.<\/em><\/p>\n<p><strong>Sonu\u00e7<\/strong><\/p>\n<p>Katar\u2019\u0131n h\u0131zla de\u011fi\u015fen ekonomik ortam\u0131nda, bas\u0131n b\u00fclteni da\u011f\u0131t\u0131m\u0131 yoluyla etkili ileti\u015fim, i\u015fletmeler ve organizasyonlar i\u00e7in vazge\u00e7ilmezdir. K\u00fclt\u00fcrel incelikleri anlamak, geleneklere sayg\u0131 g\u00f6stermek ve \u00f6nemli medya kurulu\u015flar\u0131n\u0131 stratejik olarak hedeflemek suretiyle, kurumlar g\u00f6r\u00fcn\u00fcrl\u00fcklerini art\u0131rabilir, g\u00fcven olu\u015fturabilir ve payda\u015flarla etkin ileti\u015fim kurabilir. Katar \u00e7e\u015fitlendirme ve k\u00fcresel entegrasyon yolculu\u011funa devam ederken, bas\u0131n b\u00fclteni kullan\u0131m\u0131ndaki ustal\u0131k ba\u015far\u0131l\u0131 i\u015f ileti\u015fimi stratejilerinin temel ta\u015f\u0131 olmaya devam edecektir.<\/p>\n<div class=\"article-blubr11\"><em>Bu makale\u00a0<\/em><a href=\"https:\/\/www.arabnewswire.com\"><em>Arab Newswire<\/em><\/a><em>\u2122 taraf\u0131ndan yay\u0131mlanm\u0131\u015f ve da\u011f\u0131t\u0131lm\u0131\u015ft\u0131r, GroupWeb Media Network\u2019un bir par\u00e7as\u0131d\u0131r.<\/em>\u00a0<em>Katar, GCC, Orta Do\u011fu &amp; Kuzey Afrika (MENA) veya Arap d\u00fcnyas\u0131nda bas\u0131n b\u00fclteni da\u011f\u0131t\u0131m\u0131 ile hedef kitleye ula\u015fmak i\u00e7in\u00a0<\/em><em>\u015fu Telefon\/WhatsApp \u00fczerinden\u00a0<\/em><a href=\"https:\/\/api.whatsapp.com\/send\/?phone=18327162363&amp;text&amp;app_absent=0\">+1 832-716-2363<\/a><em>\u00a0veya Telegram \u00fczerinden\u00a0<\/em><a href=\"https:\/\/t.me\/groupwebmedia\"><em>@groupwebmedia<\/em><\/a><em>ile ileti\u015fime ge\u00e7iniz.<\/em><\/div>\n","protected":false},"excerpt":{"rendered":"<p>Katar\u2019\u0131n geni\u015f do\u011fal gaz rezervleri ve stratejik yat\u0131r\u0131mlarla desteklenen h\u0131zl\u0131 ekonomik geli\u015fimi, \u00fclkeyi k\u00fcresel sahnede \u00f6nemli bir oyuncu haline getirmi\u015ftir. \u00dclke ekonomisini \u00e7e\u015fitlendirirken turizm, finans ve teknoloji gibi sekt\u00f6rleri<\/p>\n","protected":false},"author":265,"featured_media":17152,"comment_status":"closed","ping_status":"closed","sticky":false,"template":"","format":"standard","meta":{"_jetpack_memberships_contains_paid_content":false,"footnotes":"","jetpack_publicize_message":"","jetpack_publicize_feature_enabled":true,"jetpack_social_post_already_shared":false,"jetpack_social_options":{"image_generator_settings":{"template":"highway","default_image_id":0,"font":"","enabled":false},"version":2}},"categories":[3511,3512],"tags":[6860,4824],"class_list":{"0":"post-19641","1":"post","2":"type-post","3":"status-publish","4":"format-standard","5":"has-post-thumbnail","7":"category-press-release-distribution-tr","8":"category-qatar-tr","9":"tag-media-outlets-tr","10":"tag-press-release-distribution-tr"},"yoast_head":"<!-- This site is optimized with the Yoast SEO plugin v27.4 - https:\/\/yoast.com\/product\/yoast-seo-wordpress\/ -->\n<title>Katar\u2019da Bas\u0131n B\u00fclteni Da\u011f\u0131t\u0131m\u0131: K\u00fclt\u00fcrel \u0130ncelikler ve Medya Dinamiklerinde Yol Almak<\/title>\n<meta name=\"robots\" content=\"index, follow, max-snippet:-1, max-image-preview:large, max-video-preview:-1\" \/>\n<link rel=\"canonical\" href=\"https:\/\/arabnewswire.com\/tr\/katarda-basin-bulteni-dagitimi-kulturel-incelikler-ve-medya-dinamiklerinde-yol-almak\/\" \/>\n<meta property=\"og:locale\" content=\"tr_TR\" \/>\n<meta property=\"og:type\" content=\"article\" \/>\n<meta property=\"og:title\" content=\"Katar\u2019da Bas\u0131n B\u00fclteni Da\u011f\u0131t\u0131m\u0131: K\u00fclt\u00fcrel \u0130ncelikler ve Medya Dinamiklerinde Yol Almak\" \/>\n<meta property=\"og:description\" content=\"Katar\u2019\u0131n geni\u015f do\u011fal gaz rezervleri ve stratejik yat\u0131r\u0131mlarla desteklenen h\u0131zl\u0131 ekonomik geli\u015fimi, \u00fclkeyi k\u00fcresel sahnede \u00f6nemli bir oyuncu haline getirmi\u015ftir. \u00dclke ekonomisini \u00e7e\u015fitlendirirken turizm, finans ve teknoloji gibi sekt\u00f6rleri\" \/>\n<meta property=\"og:url\" content=\"https:\/\/arabnewswire.com\/tr\/katarda-basin-bulteni-dagitimi-kulturel-incelikler-ve-medya-dinamiklerinde-yol-almak\/\" \/>\n<meta property=\"og:site_name\" content=\"Arap Haberleri\" \/>\n<meta property=\"article:published_time\" content=\"2025-06-19T14:18:00+00:00\" \/>\n<meta property=\"article:modified_time\" content=\"2025-07-01T16:23:10+00:00\" \/>\n<meta property=\"og:image\" content=\"https:\/\/i0.wp.com\/arabnewswire.com\/wp-content\/uploads\/2025\/06\/Qatar-Doha-City-scaled.jpg?fit=2560%2C1477&ssl=1\" \/>\n\t<meta property=\"og:image:width\" content=\"2560\" \/>\n\t<meta property=\"og:image:height\" content=\"1477\" \/>\n\t<meta property=\"og:image:type\" content=\"image\/jpeg\" \/>\n<meta name=\"author\" content=\"Abdul Kader\" \/>\n<meta name=\"twitter:card\" content=\"summary_large_image\" \/>\n<meta name=\"twitter:label1\" content=\"Yazan:\" \/>\n\t<meta name=\"twitter:data1\" content=\"Abdul Kader\" \/>\n\t<meta name=\"twitter:label2\" content=\"Tahmini okuma s\u00fcresi\" \/>\n\t<meta name=\"twitter:data2\" content=\"4 dakika\" \/>\n<script type=\"application\/ld+json\" class=\"yoast-schema-graph\">{\"@context\":\"https:\\\/\\\/schema.org\",\"@graph\":[{\"@type\":\"Article\",\"@id\":\"https:\\\/\\\/arabnewswire.com\\\/tr\\\/katarda-basin-bulteni-dagitimi-kulturel-incelikler-ve-medya-dinamiklerinde-yol-almak\\\/#article\",\"isPartOf\":{\"@id\":\"https:\\\/\\\/arabnewswire.com\\\/tr\\\/katarda-basin-bulteni-dagitimi-kulturel-incelikler-ve-medya-dinamiklerinde-yol-almak\\\/\"},\"author\":{\"name\":\"Abdul Kader\",\"@id\":\"https:\\\/\\\/arabnewswire.com\\\/tr\\\/#\\\/schema\\\/person\\\/a2cbb1213a5445e4cc52cb5ff9238286\"},\"headline\":\"Katar\u2019da Bas\u0131n B\u00fclteni Da\u011f\u0131t\u0131m\u0131: K\u00fclt\u00fcrel \u0130ncelikler ve Medya Dinamiklerinde Yol Almak\",\"datePublished\":\"2025-06-19T14:18:00+00:00\",\"dateModified\":\"2025-07-01T16:23:10+00:00\",\"mainEntityOfPage\":{\"@id\":\"https:\\\/\\\/arabnewswire.com\\\/tr\\\/katarda-basin-bulteni-dagitimi-kulturel-incelikler-ve-medya-dinamiklerinde-yol-almak\\\/\"},\"wordCount\":1015,\"publisher\":{\"@id\":\"https:\\\/\\\/arabnewswire.com\\\/tr\\\/#organization\"},\"image\":{\"@id\":\"https:\\\/\\\/arabnewswire.com\\\/tr\\\/katarda-basin-bulteni-dagitimi-kulturel-incelikler-ve-medya-dinamiklerinde-yol-almak\\\/#primaryimage\"},\"thumbnailUrl\":\"https:\\\/\\\/i0.wp.com\\\/arabnewswire.com\\\/wp-content\\\/uploads\\\/2025\\\/06\\\/Qatar-Doha-City-scaled.jpg?fit=2560%2C1477&ssl=1\",\"keywords\":[\"media outlets\",\"press release distribution\"],\"articleSection\":[\"Bas\u0131n b\u00fclteni da\u011f\u0131t\u0131m\u0131\",\"Katar\"],\"inLanguage\":\"tr\"},{\"@type\":\"WebPage\",\"@id\":\"https:\\\/\\\/arabnewswire.com\\\/tr\\\/katarda-basin-bulteni-dagitimi-kulturel-incelikler-ve-medya-dinamiklerinde-yol-almak\\\/\",\"url\":\"https:\\\/\\\/arabnewswire.com\\\/tr\\\/katarda-basin-bulteni-dagitimi-kulturel-incelikler-ve-medya-dinamiklerinde-yol-almak\\\/\",\"name\":\"Katar\u2019da Bas\u0131n B\u00fclteni Da\u011f\u0131t\u0131m\u0131: K\u00fclt\u00fcrel \u0130ncelikler ve Medya Dinamiklerinde Yol Almak\",\"isPartOf\":{\"@id\":\"https:\\\/\\\/arabnewswire.com\\\/tr\\\/#website\"},\"primaryImageOfPage\":{\"@id\":\"https:\\\/\\\/arabnewswire.com\\\/tr\\\/katarda-basin-bulteni-dagitimi-kulturel-incelikler-ve-medya-dinamiklerinde-yol-almak\\\/#primaryimage\"},\"image\":{\"@id\":\"https:\\\/\\\/arabnewswire.com\\\/tr\\\/katarda-basin-bulteni-dagitimi-kulturel-incelikler-ve-medya-dinamiklerinde-yol-almak\\\/#primaryimage\"},\"thumbnailUrl\":\"https:\\\/\\\/i0.wp.com\\\/arabnewswire.com\\\/wp-content\\\/uploads\\\/2025\\\/06\\\/Qatar-Doha-City-scaled.jpg?fit=2560%2C1477&ssl=1\",\"datePublished\":\"2025-06-19T14:18:00+00:00\",\"dateModified\":\"2025-07-01T16:23:10+00:00\",\"breadcrumb\":{\"@id\":\"https:\\\/\\\/arabnewswire.com\\\/tr\\\/katarda-basin-bulteni-dagitimi-kulturel-incelikler-ve-medya-dinamiklerinde-yol-almak\\\/#breadcrumb\"},\"inLanguage\":\"tr\",\"potentialAction\":[{\"@type\":\"ReadAction\",\"target\":[\"https:\\\/\\\/arabnewswire.com\\\/tr\\\/katarda-basin-bulteni-dagitimi-kulturel-incelikler-ve-medya-dinamiklerinde-yol-almak\\\/\"]}]},{\"@type\":\"ImageObject\",\"inLanguage\":\"tr\",\"@id\":\"https:\\\/\\\/arabnewswire.com\\\/tr\\\/katarda-basin-bulteni-dagitimi-kulturel-incelikler-ve-medya-dinamiklerinde-yol-almak\\\/#primaryimage\",\"url\":\"https:\\\/\\\/i0.wp.com\\\/arabnewswire.com\\\/wp-content\\\/uploads\\\/2025\\\/06\\\/Qatar-Doha-City-scaled.jpg?fit=2560%2C1477&ssl=1\",\"contentUrl\":\"https:\\\/\\\/i0.wp.com\\\/arabnewswire.com\\\/wp-content\\\/uploads\\\/2025\\\/06\\\/Qatar-Doha-City-scaled.jpg?fit=2560%2C1477&ssl=1\",\"width\":2560,\"height\":1477},{\"@type\":\"BreadcrumbList\",\"@id\":\"https:\\\/\\\/arabnewswire.com\\\/tr\\\/katarda-basin-bulteni-dagitimi-kulturel-incelikler-ve-medya-dinamiklerinde-yol-almak\\\/#breadcrumb\",\"itemListElement\":[{\"@type\":\"ListItem\",\"position\":1,\"name\":\"Home\",\"item\":\"https:\\\/\\\/arabnewswire.com\\\/tr\\\/\"},{\"@type\":\"ListItem\",\"position\":2,\"name\":\"Katar\u2019da Bas\u0131n B\u00fclteni Da\u011f\u0131t\u0131m\u0131: K\u00fclt\u00fcrel \u0130ncelikler ve Medya Dinamiklerinde Yol Almak\"}]},{\"@type\":\"WebSite\",\"@id\":\"https:\\\/\\\/arabnewswire.com\\\/tr\\\/#website\",\"url\":\"https:\\\/\\\/arabnewswire.com\\\/tr\\\/\",\"name\":\"Arabnewswire\",\"description\":\"ArabNewswre\u2122\ufe0f | Orta Do\u011fu ve Kuzey Afrika (MENA) Bas\u0131n B\u00fclteni Da\u011f\u0131t\u0131m Hizmetleri\",\"publisher\":{\"@id\":\"https:\\\/\\\/arabnewswire.com\\\/tr\\\/#organization\"},\"potentialAction\":[{\"@type\":\"SearchAction\",\"target\":{\"@type\":\"EntryPoint\",\"urlTemplate\":\"https:\\\/\\\/arabnewswire.com\\\/tr\\\/?s={search_term_string}\"},\"query-input\":{\"@type\":\"PropertyValueSpecification\",\"valueRequired\":true,\"valueName\":\"search_term_string\"}}],\"inLanguage\":\"tr\"},{\"@type\":\"Organization\",\"@id\":\"https:\\\/\\\/arabnewswire.com\\\/tr\\\/#organization\",\"name\":\"Arabnewswire\",\"url\":\"https:\\\/\\\/arabnewswire.com\\\/tr\\\/\",\"logo\":{\"@type\":\"ImageObject\",\"inLanguage\":\"tr\",\"@id\":\"https:\\\/\\\/arabnewswire.com\\\/tr\\\/#\\\/schema\\\/logo\\\/image\\\/\",\"url\":\"https:\\\/\\\/i0.wp.com\\\/arabnewswire.com\\\/wp-content\\\/uploads\\\/2020\\\/05\\\/arabnewswrie-logo.png?fit=270%2C63&ssl=1\",\"contentUrl\":\"https:\\\/\\\/i0.wp.com\\\/arabnewswire.com\\\/wp-content\\\/uploads\\\/2020\\\/05\\\/arabnewswrie-logo.png?fit=270%2C63&ssl=1\",\"width\":270,\"height\":63,\"caption\":\"Arabnewswire\"},\"image\":{\"@id\":\"https:\\\/\\\/arabnewswire.com\\\/tr\\\/#\\\/schema\\\/logo\\\/image\\\/\"}},{\"@type\":\"Person\",\"@id\":\"https:\\\/\\\/arabnewswire.com\\\/tr\\\/#\\\/schema\\\/person\\\/a2cbb1213a5445e4cc52cb5ff9238286\",\"name\":\"Abdul Kader\",\"image\":{\"@type\":\"ImageObject\",\"inLanguage\":\"tr\",\"@id\":\"https:\\\/\\\/secure.gravatar.com\\\/avatar\\\/0c176e0b2618a64457ac079473ac19f8e2bdd5461a6f4ac50032908c526d0460?s=96&d=mm&r=g\",\"url\":\"https:\\\/\\\/secure.gravatar.com\\\/avatar\\\/0c176e0b2618a64457ac079473ac19f8e2bdd5461a6f4ac50032908c526d0460?s=96&d=mm&r=g\",\"contentUrl\":\"https:\\\/\\\/secure.gravatar.com\\\/avatar\\\/0c176e0b2618a64457ac079473ac19f8e2bdd5461a6f4ac50032908c526d0460?s=96&d=mm&r=g\",\"caption\":\"Abdul Kader\"},\"description\":\"This is Abdul Kader , I'm developer of Arabnewswire.com\",\"url\":\"https:\\\/\\\/arabnewswire.com\\\/tr\\\/author\\\/developer404kadergmail-com\\\/\"}]}<\/script>\n<!-- \/ Yoast SEO plugin. -->","yoast_head_json":{"title":"Katar\u2019da Bas\u0131n B\u00fclteni Da\u011f\u0131t\u0131m\u0131: K\u00fclt\u00fcrel \u0130ncelikler ve Medya Dinamiklerinde Yol Almak","robots":{"index":"index","follow":"follow","max-snippet":"max-snippet:-1","max-image-preview":"max-image-preview:large","max-video-preview":"max-video-preview:-1"},"canonical":"https:\/\/arabnewswire.com\/tr\/katarda-basin-bulteni-dagitimi-kulturel-incelikler-ve-medya-dinamiklerinde-yol-almak\/","og_locale":"tr_TR","og_type":"article","og_title":"Katar\u2019da Bas\u0131n B\u00fclteni Da\u011f\u0131t\u0131m\u0131: K\u00fclt\u00fcrel \u0130ncelikler ve Medya Dinamiklerinde Yol Almak","og_description":"Katar\u2019\u0131n geni\u015f do\u011fal gaz rezervleri ve stratejik yat\u0131r\u0131mlarla desteklenen h\u0131zl\u0131 ekonomik geli\u015fimi, \u00fclkeyi k\u00fcresel sahnede \u00f6nemli bir oyuncu haline getirmi\u015ftir. \u00dclke ekonomisini \u00e7e\u015fitlendirirken turizm, finans ve teknoloji gibi sekt\u00f6rleri","og_url":"https:\/\/arabnewswire.com\/tr\/katarda-basin-bulteni-dagitimi-kulturel-incelikler-ve-medya-dinamiklerinde-yol-almak\/","og_site_name":"Arap Haberleri","article_published_time":"2025-06-19T14:18:00+00:00","article_modified_time":"2025-07-01T16:23:10+00:00","og_image":[{"width":2560,"height":1477,"url":"https:\/\/i0.wp.com\/arabnewswire.com\/wp-content\/uploads\/2025\/06\/Qatar-Doha-City-scaled.jpg?fit=2560%2C1477&ssl=1","type":"image\/jpeg"}],"author":"Abdul Kader","twitter_card":"summary_large_image","twitter_misc":{"Yazan:":"Abdul Kader","Tahmini okuma s\u00fcresi":"4 dakika"},"schema":{"@context":"https:\/\/schema.org","@graph":[{"@type":"Article","@id":"https:\/\/arabnewswire.com\/tr\/katarda-basin-bulteni-dagitimi-kulturel-incelikler-ve-medya-dinamiklerinde-yol-almak\/#article","isPartOf":{"@id":"https:\/\/arabnewswire.com\/tr\/katarda-basin-bulteni-dagitimi-kulturel-incelikler-ve-medya-dinamiklerinde-yol-almak\/"},"author":{"name":"Abdul Kader","@id":"https:\/\/arabnewswire.com\/tr\/#\/schema\/person\/a2cbb1213a5445e4cc52cb5ff9238286"},"headline":"Katar\u2019da Bas\u0131n B\u00fclteni Da\u011f\u0131t\u0131m\u0131: K\u00fclt\u00fcrel \u0130ncelikler ve Medya Dinamiklerinde Yol Almak","datePublished":"2025-06-19T14:18:00+00:00","dateModified":"2025-07-01T16:23:10+00:00","mainEntityOfPage":{"@id":"https:\/\/arabnewswire.com\/tr\/katarda-basin-bulteni-dagitimi-kulturel-incelikler-ve-medya-dinamiklerinde-yol-almak\/"},"wordCount":1015,"publisher":{"@id":"https:\/\/arabnewswire.com\/tr\/#organization"},"image":{"@id":"https:\/\/arabnewswire.com\/tr\/katarda-basin-bulteni-dagitimi-kulturel-incelikler-ve-medya-dinamiklerinde-yol-almak\/#primaryimage"},"thumbnailUrl":"https:\/\/i0.wp.com\/arabnewswire.com\/wp-content\/uploads\/2025\/06\/Qatar-Doha-City-scaled.jpg?fit=2560%2C1477&ssl=1","keywords":["media outlets","press release distribution"],"articleSection":["Bas\u0131n b\u00fclteni da\u011f\u0131t\u0131m\u0131","Katar"],"inLanguage":"tr"},{"@type":"WebPage","@id":"https:\/\/arabnewswire.com\/tr\/katarda-basin-bulteni-dagitimi-kulturel-incelikler-ve-medya-dinamiklerinde-yol-almak\/","url":"https:\/\/arabnewswire.com\/tr\/katarda-basin-bulteni-dagitimi-kulturel-incelikler-ve-medya-dinamiklerinde-yol-almak\/","name":"Katar\u2019da Bas\u0131n B\u00fclteni Da\u011f\u0131t\u0131m\u0131: K\u00fclt\u00fcrel \u0130ncelikler ve Medya Dinamiklerinde Yol Almak","isPartOf":{"@id":"https:\/\/arabnewswire.com\/tr\/#website"},"primaryImageOfPage":{"@id":"https:\/\/arabnewswire.com\/tr\/katarda-basin-bulteni-dagitimi-kulturel-incelikler-ve-medya-dinamiklerinde-yol-almak\/#primaryimage"},"image":{"@id":"https:\/\/arabnewswire.com\/tr\/katarda-basin-bulteni-dagitimi-kulturel-incelikler-ve-medya-dinamiklerinde-yol-almak\/#primaryimage"},"thumbnailUrl":"https:\/\/i0.wp.com\/arabnewswire.com\/wp-content\/uploads\/2025\/06\/Qatar-Doha-City-scaled.jpg?fit=2560%2C1477&ssl=1","datePublished":"2025-06-19T14:18:00+00:00","dateModified":"2025-07-01T16:23:10+00:00","breadcrumb":{"@id":"https:\/\/arabnewswire.com\/tr\/katarda-basin-bulteni-dagitimi-kulturel-incelikler-ve-medya-dinamiklerinde-yol-almak\/#breadcrumb"},"inLanguage":"tr","potentialAction":[{"@type":"ReadAction","target":["https:\/\/arabnewswire.com\/tr\/katarda-basin-bulteni-dagitimi-kulturel-incelikler-ve-medya-dinamiklerinde-yol-almak\/"]}]},{"@type":"ImageObject","inLanguage":"tr","@id":"https:\/\/arabnewswire.com\/tr\/katarda-basin-bulteni-dagitimi-kulturel-incelikler-ve-medya-dinamiklerinde-yol-almak\/#primaryimage","url":"https:\/\/i0.wp.com\/arabnewswire.com\/wp-content\/uploads\/2025\/06\/Qatar-Doha-City-scaled.jpg?fit=2560%2C1477&ssl=1","contentUrl":"https:\/\/i0.wp.com\/arabnewswire.com\/wp-content\/uploads\/2025\/06\/Qatar-Doha-City-scaled.jpg?fit=2560%2C1477&ssl=1","width":2560,"height":1477},{"@type":"BreadcrumbList","@id":"https:\/\/arabnewswire.com\/tr\/katarda-basin-bulteni-dagitimi-kulturel-incelikler-ve-medya-dinamiklerinde-yol-almak\/#breadcrumb","itemListElement":[{"@type":"ListItem","position":1,"name":"Home","item":"https:\/\/arabnewswire.com\/tr\/"},{"@type":"ListItem","position":2,"name":"Katar\u2019da Bas\u0131n B\u00fclteni Da\u011f\u0131t\u0131m\u0131: K\u00fclt\u00fcrel \u0130ncelikler ve Medya Dinamiklerinde Yol Almak"}]},{"@type":"WebSite","@id":"https:\/\/arabnewswire.com\/tr\/#website","url":"https:\/\/arabnewswire.com\/tr\/","name":"Arabnewswire","description":"ArabNewswre\u2122\ufe0f | Orta Do\u011fu ve Kuzey Afrika (MENA) Bas\u0131n B\u00fclteni Da\u011f\u0131t\u0131m Hizmetleri","publisher":{"@id":"https:\/\/arabnewswire.com\/tr\/#organization"},"potentialAction":[{"@type":"SearchAction","target":{"@type":"EntryPoint","urlTemplate":"https:\/\/arabnewswire.com\/tr\/?s={search_term_string}"},"query-input":{"@type":"PropertyValueSpecification","valueRequired":true,"valueName":"search_term_string"}}],"inLanguage":"tr"},{"@type":"Organization","@id":"https:\/\/arabnewswire.com\/tr\/#organization","name":"Arabnewswire","url":"https:\/\/arabnewswire.com\/tr\/","logo":{"@type":"ImageObject","inLanguage":"tr","@id":"https:\/\/arabnewswire.com\/tr\/#\/schema\/logo\/image\/","url":"https:\/\/i0.wp.com\/arabnewswire.com\/wp-content\/uploads\/2020\/05\/arabnewswrie-logo.png?fit=270%2C63&ssl=1","contentUrl":"https:\/\/i0.wp.com\/arabnewswire.com\/wp-content\/uploads\/2020\/05\/arabnewswrie-logo.png?fit=270%2C63&ssl=1","width":270,"height":63,"caption":"Arabnewswire"},"image":{"@id":"https:\/\/arabnewswire.com\/tr\/#\/schema\/logo\/image\/"}},{"@type":"Person","@id":"https:\/\/arabnewswire.com\/tr\/#\/schema\/person\/a2cbb1213a5445e4cc52cb5ff9238286","name":"Abdul Kader","image":{"@type":"ImageObject","inLanguage":"tr","@id":"https:\/\/secure.gravatar.com\/avatar\/0c176e0b2618a64457ac079473ac19f8e2bdd5461a6f4ac50032908c526d0460?s=96&d=mm&r=g","url":"https:\/\/secure.gravatar.com\/avatar\/0c176e0b2618a64457ac079473ac19f8e2bdd5461a6f4ac50032908c526d0460?s=96&d=mm&r=g","contentUrl":"https:\/\/secure.gravatar.com\/avatar\/0c176e0b2618a64457ac079473ac19f8e2bdd5461a6f4ac50032908c526d0460?s=96&d=mm&r=g","caption":"Abdul Kader"},"description":"This is Abdul Kader , I'm developer of Arabnewswire.com","url":"https:\/\/arabnewswire.com\/tr\/author\/developer404kadergmail-com\/"}]}},"jetpack_publicize_connections":[],"jetpack_featured_media_url":"https:\/\/i0.wp.com\/arabnewswire.com\/wp-content\/uploads\/2025\/06\/Qatar-Doha-City-scaled.jpg?fit=2560%2C1477&ssl=1","jetpack_sharing_enabled":true,"jetpack_shortlink":"https:\/\/wp.me\/pgCGET-56N","_links":{"self":[{"href":"https:\/\/arabnewswire.com\/tr\/wp-json\/wp\/v2\/posts\/19641","targetHints":{"allow":["GET"]}}],"collection":[{"href":"https:\/\/arabnewswire.com\/tr\/wp-json\/wp\/v2\/posts"}],"about":[{"href":"https:\/\/arabnewswire.com\/tr\/wp-json\/wp\/v2\/types\/post"}],"author":[{"embeddable":true,"href":"https:\/\/arabnewswire.com\/tr\/wp-json\/wp\/v2\/users\/265"}],"replies":[{"embeddable":true,"href":"https:\/\/arabnewswire.com\/tr\/wp-json\/wp\/v2\/comments?post=19641"}],"version-history":[{"count":0,"href":"https:\/\/arabnewswire.com\/tr\/wp-json\/wp\/v2\/posts\/19641\/revisions"}],"wp:featuredmedia":[{"embeddable":true,"href":"https:\/\/arabnewswire.com\/tr\/wp-json\/wp\/v2\/media\/17152"}],"wp:attachment":[{"href":"https:\/\/arabnewswire.com\/tr\/wp-json\/wp\/v2\/media?parent=19641"}],"wp:term":[{"taxonomy":"category","embeddable":true,"href":"https:\/\/arabnewswire.com\/tr\/wp-json\/wp\/v2\/categories?post=19641"},{"taxonomy":"post_tag","embeddable":true,"href":"https:\/\/arabnewswire.com\/tr\/wp-json\/wp\/v2\/tags?post=19641"}],"curies":[{"name":"wp","href":"https:\/\/api.w.org\/{rel}","templated":true}]}}